{"id":1962,"date":"2022-06-03T09:14:03","date_gmt":"2022-06-03T09:14:03","guid":{"rendered":"https:\/\/www.multitra.com\/?p=1962"},"modified":"2022-06-08T07:25:55","modified_gmt":"2022-06-08T07:25:55","slug":"ce-dimanche-5-juin-sera-la-journee-mondiale-de-lenvironnement-uk","status":"publish","type":"post","link":"https:\/\/www.multitra.com\/en\/ce-dimanche-5-juin-sera-la-journee-mondiale-de-lenvironnement-uk\/","title":{"rendered":"Ce dimanche 5 juin sera la Journ\u00e9e mondiale de l&#8217;environnement.(UK)"},"content":{"rendered":"<p style=\"text-align: left;\">Ce dimanche 5 juin sera la <a href=\"https:\/\/www.worldenvironmentday.global\/fr\">Journ\u00e9e mondiale de l&#8217;environnement<\/a>.<\/p>\n<p style=\"text-align: left;\">Depuis de nombreuses ann\u00e9es, MULTITRA s&#8217;att\u00e8le \u00e0 r\u00e9duire son empreinte \u00e9cologique. Quelques exemples\u00a0:<\/p>\n<p style=\"text-align: left;\">Un total de 442 panneaux photovolta\u00efques ont \u00e9t\u00e9 install\u00e9s sur l&#8217;ensemble de nos b\u00e2timents pour une puissance de 111 kWc cr\u00eate.<\/p>\n<p style=\"text-align: left;\">En combinaison de cette installation PV, chaque nouveau v\u00e9hicule de soci\u00e9t\u00e9 acquis depuis 2020 est \u00e9lectrique et donc recharg\u00e9 en journ\u00e9e au soleil\u00a0!<\/p>\n<p style=\"text-align: left;\">Par ailleurs, une d\u00e9marche de digitalisation maximale a \u00e9t\u00e9 mise en place avec comme objectif une gestion paperless.<\/p>\n<p style=\"text-align: left;\">Le t\u00e9l\u00e9travail est \u00e9galement progressivement d\u00e9velopp\u00e9.<\/p>\n<p style=\"text-align: left;\">Chacun sa petite pierre \u00e0 l\u2019\u00e9difice d\u2019un monde meilleur\u00a0\ud83d\ude0a<\/p>\n<p><img loading=\"lazy\" decoding=\"async\" class=\"alignnone wp-image-1957 size-large\" src=\"https:\/\/www.multitra.com\/wp-content\/uploads\/2022\/06\/NewsEcologie2-1024x528.jpg\" alt=\"\" width=\"640\" height=\"330\" srcset=\"https:\/\/www.multitra.com\/wp-content\/uploads\/2022\/06\/NewsEcologie2-1024x528.jpg 1024w, https:\/\/www.multitra.com\/wp-content\/uploads\/2022\/06\/NewsEcologie2-300x155.jpg 300w, https:\/\/www.multitra.com\/wp-content\/uploads\/2022\/06\/NewsEcologie2-768x396.jpg 768w, https:\/\/www.multitra.com\/wp-content\/uploads\/2022\/06\/NewsEcologie2.jpg 1537w\" sizes=\"auto, (max-width: 640px) 100vw, 640px\" \/><\/p>\n<p>&nbsp;<\/p>\n<p>&nbsp;<\/p>\n<p>&nbsp;<\/p>\n<p>&nbsp;<\/p>\n<p>&nbsp;<\/p>\n<p>&nbsp;<\/p>\n<p>&nbsp;<\/p>\n<p>&nbsp;<\/p>\n<p>&nbsp;<\/p>\n<p style=\"text-align: left;\"><strong>\u00a0<\/strong><\/p>\n<p style=\"text-align: left;\">\n","protected":false},"excerpt":{"rendered":"<p>Ce dimanche 5 juin sera la Journ\u00e9e mondiale de l&#8217;environnement. Depuis de nombreuses ann\u00e9es, MULTITRA s&#8217;att\u00e8le \u00e0 r\u00e9duire son empreinte \u00e9cologique. Quelques exemples\u00a0: Un total de 442 panneaux photovolta\u00efques ont \u00e9t\u00e9 install\u00e9s sur l&#8217;ensemble de nos b\u00e2timents pour une puissance de 111 kWc cr\u00eate. En combinaison de cette installation PV, chaque nouveau v\u00e9hicule de soci\u00e9t\u00e9 [&hellip;]<\/p>\n","protected":false},"author":2,"featured_media":0,"comment_status":"closed","ping_status":"closed","sticky":false,"template":"","format":"standard","meta":{"_acf_changed":false,"inline_featured_image":false,"footnotes":""},"categories":[5],"tags":[],"class_list":["post-1962","post","type-post","status-publish","format-standard","hentry","category-uncategorized"],"acf":[],"yoast_head":"<!-- This site is optimized with the Yoast SEO plugin v27.5 - https:\/\/yoast.com\/product\/yoast-seo-wordpress\/ -->\n<title>Ce dimanche 5 juin sera la Journ\u00e9e mondiale de l&#039;environnement.(UK) - Multitra<\/title>\n<meta name=\"robots\" content=\"index, follow, max-snippet:-1, max-image-preview:large, max-video-preview:-1\" \/>\n<link rel=\"canonical\" href=\"https:\/\/www.multitra.com\/ce-dimanche-5-juin-sera-la-journee-mondiale-de-lenvironnement-uk\/?lang=en\" \/>\n<meta property=\"og:locale\" content=\"en_US\" \/>\n<meta property=\"og:type\" content=\"article\" \/>\n<meta property=\"og:title\" content=\"Ce dimanche 5 juin sera la Journ\u00e9e mondiale de l&#039;environnement.(UK) - Multitra\" \/>\n<meta property=\"og:description\" content=\"Ce dimanche 5 juin sera la Journ\u00e9e mondiale de l&#8217;environnement. Depuis de nombreuses ann\u00e9es, MULTITRA s&#8217;att\u00e8le \u00e0 r\u00e9duire son empreinte \u00e9cologique. Quelques exemples\u00a0: Un total de 442 panneaux photovolta\u00efques ont \u00e9t\u00e9 install\u00e9s sur l&#8217;ensemble de nos b\u00e2timents pour une puissance de 111 kWc cr\u00eate. En combinaison de cette installation PV, chaque nouveau v\u00e9hicule de soci\u00e9t\u00e9 [&hellip;]\" \/>\n<meta property=\"og:url\" content=\"https:\/\/www.multitra.com\/ce-dimanche-5-juin-sera-la-journee-mondiale-de-lenvironnement-uk\/?lang=en\" \/>\n<meta property=\"og:site_name\" content=\"Multitra\" \/>\n<meta property=\"article:published_time\" content=\"2022-06-03T09:14:03+00:00\" \/>\n<meta property=\"article:modified_time\" content=\"2022-06-08T07:25:55+00:00\" \/>\n<meta property=\"og:image\" content=\"https:\/\/www.multitra.com\/wp-content\/uploads\/2022\/06\/NewsEcologie2-1024x528.jpg\" \/>\n<meta name=\"author\" content=\"Laurence Cornet\" \/>\n<meta name=\"twitter:card\" content=\"summary_large_image\" \/>\n<meta name=\"twitter:label1\" content=\"Written by\" \/>\n\t<meta name=\"twitter:data1\" content=\"Laurence Cornet\" \/>\n\t<meta name=\"twitter:label2\" content=\"Est. reading time\" \/>\n\t<meta name=\"twitter:data2\" content=\"1 minute\" \/>\n<script type=\"application\/ld+json\" class=\"yoast-schema-graph\">{\"@context\":\"https:\\\/\\\/schema.org\",\"@graph\":[{\"@type\":\"Article\",\"@id\":\"https:\\\/\\\/www.multitra.com\\\/ce-dimanche-5-juin-sera-la-journee-mondiale-de-lenvironnement-uk\\\/?lang=en#article\",\"isPartOf\":{\"@id\":\"https:\\\/\\\/www.multitra.com\\\/ce-dimanche-5-juin-sera-la-journee-mondiale-de-lenvironnement-uk\\\/?lang=en\"},\"author\":{\"name\":\"Laurence Cornet\",\"@id\":\"https:\\\/\\\/www.multitra.com\\\/#\\\/schema\\\/person\\\/a6d0f40663fdb09803645e4fc4bfc8d3\"},\"headline\":\"Ce dimanche 5 juin sera la Journ\u00e9e mondiale de l&#8217;environnement.(UK)\",\"datePublished\":\"2022-06-03T09:14:03+00:00\",\"dateModified\":\"2022-06-08T07:25:55+00:00\",\"mainEntityOfPage\":{\"@id\":\"https:\\\/\\\/www.multitra.com\\\/ce-dimanche-5-juin-sera-la-journee-mondiale-de-lenvironnement-uk\\\/?lang=en\"},\"wordCount\":135,\"image\":{\"@id\":\"https:\\\/\\\/www.multitra.com\\\/ce-dimanche-5-juin-sera-la-journee-mondiale-de-lenvironnement-uk\\\/?lang=en#primaryimage\"},\"thumbnailUrl\":\"https:\\\/\\\/www.multitra.com\\\/wp-content\\\/uploads\\\/2022\\\/06\\\/NewsEcologie2-1024x528.jpg\",\"inLanguage\":\"en-US\"},{\"@type\":\"WebPage\",\"@id\":\"https:\\\/\\\/www.multitra.com\\\/ce-dimanche-5-juin-sera-la-journee-mondiale-de-lenvironnement-uk\\\/?lang=en\",\"url\":\"https:\\\/\\\/www.multitra.com\\\/ce-dimanche-5-juin-sera-la-journee-mondiale-de-lenvironnement-uk\\\/?lang=en\",\"name\":\"Ce dimanche 5 juin sera la Journ\u00e9e mondiale de l'environnement.(UK) - Multitra\",\"isPartOf\":{\"@id\":\"https:\\\/\\\/www.multitra.com\\\/#website\"},\"primaryImageOfPage\":{\"@id\":\"https:\\\/\\\/www.multitra.com\\\/ce-dimanche-5-juin-sera-la-journee-mondiale-de-lenvironnement-uk\\\/?lang=en#primaryimage\"},\"image\":{\"@id\":\"https:\\\/\\\/www.multitra.com\\\/ce-dimanche-5-juin-sera-la-journee-mondiale-de-lenvironnement-uk\\\/?lang=en#primaryimage\"},\"thumbnailUrl\":\"https:\\\/\\\/www.multitra.com\\\/wp-content\\\/uploads\\\/2022\\\/06\\\/NewsEcologie2-1024x528.jpg\",\"datePublished\":\"2022-06-03T09:14:03+00:00\",\"dateModified\":\"2022-06-08T07:25:55+00:00\",\"author\":{\"@id\":\"https:\\\/\\\/www.multitra.com\\\/#\\\/schema\\\/person\\\/a6d0f40663fdb09803645e4fc4bfc8d3\"},\"breadcrumb\":{\"@id\":\"https:\\\/\\\/www.multitra.com\\\/ce-dimanche-5-juin-sera-la-journee-mondiale-de-lenvironnement-uk\\\/?lang=en#breadcrumb\"},\"inLanguage\":\"en-US\",\"potentialAction\":[{\"@type\":\"ReadAction\",\"target\":[\"https:\\\/\\\/www.multitra.com\\\/ce-dimanche-5-juin-sera-la-journee-mondiale-de-lenvironnement-uk\\\/?lang=en\"]}]},{\"@type\":\"ImageObject\",\"inLanguage\":\"en-US\",\"@id\":\"https:\\\/\\\/www.multitra.com\\\/ce-dimanche-5-juin-sera-la-journee-mondiale-de-lenvironnement-uk\\\/?lang=en#primaryimage\",\"url\":\"https:\\\/\\\/www.multitra.com\\\/wp-content\\\/uploads\\\/2022\\\/06\\\/NewsEcologie2-1024x528.jpg\",\"contentUrl\":\"https:\\\/\\\/www.multitra.com\\\/wp-content\\\/uploads\\\/2022\\\/06\\\/NewsEcologie2-1024x528.jpg\"},{\"@type\":\"BreadcrumbList\",\"@id\":\"https:\\\/\\\/www.multitra.com\\\/ce-dimanche-5-juin-sera-la-journee-mondiale-de-lenvironnement-uk\\\/?lang=en#breadcrumb\",\"itemListElement\":[{\"@type\":\"ListItem\",\"position\":1,\"name\":\"Accueil\",\"item\":\"https:\\\/\\\/www.multitra.com\\\/en\\\/\"},{\"@type\":\"ListItem\",\"position\":2,\"name\":\"Ce dimanche 5 juin sera la Journ\u00e9e mondiale de l&#8217;environnement.(UK)\"}]},{\"@type\":\"WebSite\",\"@id\":\"https:\\\/\\\/www.multitra.com\\\/#website\",\"url\":\"https:\\\/\\\/www.multitra.com\\\/\",\"name\":\"Multitra\",\"description\":\"Votre partenaire logistique\",\"potentialAction\":[{\"@type\":\"SearchAction\",\"target\":{\"@type\":\"EntryPoint\",\"urlTemplate\":\"https:\\\/\\\/www.multitra.com\\\/?s={search_term_string}\"},\"query-input\":{\"@type\":\"PropertyValueSpecification\",\"valueRequired\":true,\"valueName\":\"search_term_string\"}}],\"inLanguage\":\"en-US\"},{\"@type\":\"Person\",\"@id\":\"https:\\\/\\\/www.multitra.com\\\/#\\\/schema\\\/person\\\/a6d0f40663fdb09803645e4fc4bfc8d3\",\"name\":\"Laurence Cornet\",\"image\":{\"@type\":\"ImageObject\",\"inLanguage\":\"en-US\",\"@id\":\"https:\\\/\\\/secure.gravatar.com\\\/avatar\\\/11db6ba146cf2bc46a962f9aaa6b24e927ea714d4047e9b580b79341d4849449?s=96&d=mm&r=g\",\"url\":\"https:\\\/\\\/secure.gravatar.com\\\/avatar\\\/11db6ba146cf2bc46a962f9aaa6b24e927ea714d4047e9b580b79341d4849449?s=96&d=mm&r=g\",\"contentUrl\":\"https:\\\/\\\/secure.gravatar.com\\\/avatar\\\/11db6ba146cf2bc46a962f9aaa6b24e927ea714d4047e9b580b79341d4849449?s=96&d=mm&r=g\",\"caption\":\"Laurence Cornet\"},\"url\":\"https:\\\/\\\/www.multitra.com\\\/en\\\/author\\\/multitra\\\/\"}]}<\/script>\n<!-- \/ Yoast SEO plugin. -->","yoast_head_json":{"title":"Ce dimanche 5 juin sera la Journ\u00e9e mondiale de l'environnement.(UK) - Multitra","robots":{"index":"index","follow":"follow","max-snippet":"max-snippet:-1","max-image-preview":"max-image-preview:large","max-video-preview":"max-video-preview:-1"},"canonical":"https:\/\/www.multitra.com\/ce-dimanche-5-juin-sera-la-journee-mondiale-de-lenvironnement-uk\/?lang=en","og_locale":"en_US","og_type":"article","og_title":"Ce dimanche 5 juin sera la Journ\u00e9e mondiale de l'environnement.(UK) - Multitra","og_description":"Ce dimanche 5 juin sera la Journ\u00e9e mondiale de l&#8217;environnement. Depuis de nombreuses ann\u00e9es, MULTITRA s&#8217;att\u00e8le \u00e0 r\u00e9duire son empreinte \u00e9cologique. Quelques exemples\u00a0: Un total de 442 panneaux photovolta\u00efques ont \u00e9t\u00e9 install\u00e9s sur l&#8217;ensemble de nos b\u00e2timents pour une puissance de 111 kWc cr\u00eate. En combinaison de cette installation PV, chaque nouveau v\u00e9hicule de soci\u00e9t\u00e9 [&hellip;]","og_url":"https:\/\/www.multitra.com\/ce-dimanche-5-juin-sera-la-journee-mondiale-de-lenvironnement-uk\/?lang=en","og_site_name":"Multitra","article_published_time":"2022-06-03T09:14:03+00:00","article_modified_time":"2022-06-08T07:25:55+00:00","og_image":[{"url":"https:\/\/www.multitra.com\/wp-content\/uploads\/2022\/06\/NewsEcologie2-1024x528.jpg","type":"","width":"","height":""}],"author":"Laurence Cornet","twitter_card":"summary_large_image","twitter_misc":{"Written by":"Laurence Cornet","Est. reading time":"1 minute"},"schema":{"@context":"https:\/\/schema.org","@graph":[{"@type":"Article","@id":"https:\/\/www.multitra.com\/ce-dimanche-5-juin-sera-la-journee-mondiale-de-lenvironnement-uk\/?lang=en#article","isPartOf":{"@id":"https:\/\/www.multitra.com\/ce-dimanche-5-juin-sera-la-journee-mondiale-de-lenvironnement-uk\/?lang=en"},"author":{"name":"Laurence Cornet","@id":"https:\/\/www.multitra.com\/#\/schema\/person\/a6d0f40663fdb09803645e4fc4bfc8d3"},"headline":"Ce dimanche 5 juin sera la Journ\u00e9e mondiale de l&#8217;environnement.(UK)","datePublished":"2022-06-03T09:14:03+00:00","dateModified":"2022-06-08T07:25:55+00:00","mainEntityOfPage":{"@id":"https:\/\/www.multitra.com\/ce-dimanche-5-juin-sera-la-journee-mondiale-de-lenvironnement-uk\/?lang=en"},"wordCount":135,"image":{"@id":"https:\/\/www.multitra.com\/ce-dimanche-5-juin-sera-la-journee-mondiale-de-lenvironnement-uk\/?lang=en#primaryimage"},"thumbnailUrl":"https:\/\/www.multitra.com\/wp-content\/uploads\/2022\/06\/NewsEcologie2-1024x528.jpg","inLanguage":"en-US"},{"@type":"WebPage","@id":"https:\/\/www.multitra.com\/ce-dimanche-5-juin-sera-la-journee-mondiale-de-lenvironnement-uk\/?lang=en","url":"https:\/\/www.multitra.com\/ce-dimanche-5-juin-sera-la-journee-mondiale-de-lenvironnement-uk\/?lang=en","name":"Ce dimanche 5 juin sera la Journ\u00e9e mondiale de l'environnement.(UK) - Multitra","isPartOf":{"@id":"https:\/\/www.multitra.com\/#website"},"primaryImageOfPage":{"@id":"https:\/\/www.multitra.com\/ce-dimanche-5-juin-sera-la-journee-mondiale-de-lenvironnement-uk\/?lang=en#primaryimage"},"image":{"@id":"https:\/\/www.multitra.com\/ce-dimanche-5-juin-sera-la-journee-mondiale-de-lenvironnement-uk\/?lang=en#primaryimage"},"thumbnailUrl":"https:\/\/www.multitra.com\/wp-content\/uploads\/2022\/06\/NewsEcologie2-1024x528.jpg","datePublished":"2022-06-03T09:14:03+00:00","dateModified":"2022-06-08T07:25:55+00:00","author":{"@id":"https:\/\/www.multitra.com\/#\/schema\/person\/a6d0f40663fdb09803645e4fc4bfc8d3"},"breadcrumb":{"@id":"https:\/\/www.multitra.com\/ce-dimanche-5-juin-sera-la-journee-mondiale-de-lenvironnement-uk\/?lang=en#breadcrumb"},"inLanguage":"en-US","potentialAction":[{"@type":"ReadAction","target":["https:\/\/www.multitra.com\/ce-dimanche-5-juin-sera-la-journee-mondiale-de-lenvironnement-uk\/?lang=en"]}]},{"@type":"ImageObject","inLanguage":"en-US","@id":"https:\/\/www.multitra.com\/ce-dimanche-5-juin-sera-la-journee-mondiale-de-lenvironnement-uk\/?lang=en#primaryimage","url":"https:\/\/www.multitra.com\/wp-content\/uploads\/2022\/06\/NewsEcologie2-1024x528.jpg","contentUrl":"https:\/\/www.multitra.com\/wp-content\/uploads\/2022\/06\/NewsEcologie2-1024x528.jpg"},{"@type":"BreadcrumbList","@id":"https:\/\/www.multitra.com\/ce-dimanche-5-juin-sera-la-journee-mondiale-de-lenvironnement-uk\/?lang=en#breadcrumb","itemListElement":[{"@type":"ListItem","position":1,"name":"Accueil","item":"https:\/\/www.multitra.com\/en\/"},{"@type":"ListItem","position":2,"name":"Ce dimanche 5 juin sera la Journ\u00e9e mondiale de l&#8217;environnement.(UK)"}]},{"@type":"WebSite","@id":"https:\/\/www.multitra.com\/#website","url":"https:\/\/www.multitra.com\/","name":"Multitra","description":"Votre partenaire logistique","potentialAction":[{"@type":"SearchAction","target":{"@type":"EntryPoint","urlTemplate":"https:\/\/www.multitra.com\/?s={search_term_string}"},"query-input":{"@type":"PropertyValueSpecification","valueRequired":true,"valueName":"search_term_string"}}],"inLanguage":"en-US"},{"@type":"Person","@id":"https:\/\/www.multitra.com\/#\/schema\/person\/a6d0f40663fdb09803645e4fc4bfc8d3","name":"Laurence Cornet","image":{"@type":"ImageObject","inLanguage":"en-US","@id":"https:\/\/secure.gravatar.com\/avatar\/11db6ba146cf2bc46a962f9aaa6b24e927ea714d4047e9b580b79341d4849449?s=96&d=mm&r=g","url":"https:\/\/secure.gravatar.com\/avatar\/11db6ba146cf2bc46a962f9aaa6b24e927ea714d4047e9b580b79341d4849449?s=96&d=mm&r=g","contentUrl":"https:\/\/secure.gravatar.com\/avatar\/11db6ba146cf2bc46a962f9aaa6b24e927ea714d4047e9b580b79341d4849449?s=96&d=mm&r=g","caption":"Laurence Cornet"},"url":"https:\/\/www.multitra.com\/en\/author\/multitra\/"}]}},"_links":{"self":[{"href":"https:\/\/www.multitra.com\/en\/wp-json\/wp\/v2\/posts\/1962","targetHints":{"allow":["GET"]}}],"collection":[{"href":"https:\/\/www.multitra.com\/en\/wp-json\/wp\/v2\/posts"}],"about":[{"href":"https:\/\/www.multitra.com\/en\/wp-json\/wp\/v2\/types\/post"}],"author":[{"embeddable":true,"href":"https:\/\/www.multitra.com\/en\/wp-json\/wp\/v2\/users\/2"}],"replies":[{"embeddable":true,"href":"https:\/\/www.multitra.com\/en\/wp-json\/wp\/v2\/comments?post=1962"}],"version-history":[{"count":3,"href":"https:\/\/www.multitra.com\/en\/wp-json\/wp\/v2\/posts\/1962\/revisions"}],"predecessor-version":[{"id":2017,"href":"https:\/\/www.multitra.com\/en\/wp-json\/wp\/v2\/posts\/1962\/revisions\/2017"}],"wp:attachment":[{"href":"https:\/\/www.multitra.com\/en\/wp-json\/wp\/v2\/media?parent=1962"}],"wp:term":[{"taxonomy":"category","embeddable":true,"href":"https:\/\/www.multitra.com\/en\/wp-json\/wp\/v2\/categories?post=1962"},{"taxonomy":"post_tag","embeddable":true,"href":"https:\/\/www.multitra.com\/en\/wp-json\/wp\/v2\/tags?post=1962"}],"curies":[{"name":"wp","href":"https:\/\/api.w.org\/{rel}","templated":true}]}}